{"id":6340,"date":"2022-10-07T22:00:12","date_gmt":"2022-10-07T22:00:12","guid":{"rendered":"https:\/\/friendsofenginakyurek.org\/?p=6340"},"modified":"2022-12-16T21:09:56","modified_gmt":"2022-12-16T21:09:56","slug":"another-time-a-magical-place","status":"publish","type":"post","link":"https:\/\/friendsofenginakyurek.org\/es\/another-time-a-magical-place\/","title":{"rendered":"Otro Tiempo, Un Lugar M\u00e1gico"},"content":{"rendered":"<div data-elementor-type=\"wp-post\" data-elementor-id=\"6340\" class=\"elementor elementor-6340\" data-elementor-post-type=\"post\">\n\t\t\t\t\t\t<section class=\"elementor-section elementor-top-section elementor-element elementor-element-68dedc82 elementor-section-height-min-height elementor-section-content-middle elementor-section-boxed elementor-section-height-default elementor-section-items-middle\" data-id=\"68dedc82\" data-element_type=\"section\" data-e-type=\"section\" data-settings=\"{&quot;background_background&quot;:&quot;classic&quot;}\">\n\t\t\t\t\t\t\t<div class=\"elementor-background-overlay\"><\/div>\n\t\t\t\t\t\t\t<div class=\"elementor-container elementor-column-gap-no\">\n\t\t\t\t\t<div class=\"elementor-column elementor-col-100 elementor-top-column elementor-element elementor-element-59f88d3c\" data-id=\"59f88d3c\" data-element_type=\"column\" data-e-type=\"column\">\n\t\t\t<div class=\"elementor-widget-wrap elementor-element-populated\">\n\t\t\t\t\t\t<div class=\"elementor-element elementor-element-1ebe9fd6 elementor-widget elementor-widget-heading\" data-id=\"1ebe9fd6\" data-element_type=\"widget\" data-e-type=\"widget\" data-widget_type=\"heading.default\">\n\t\t\t\t<div class=\"elementor-widget-container\">\n\t\t\t\t\t<h2 class=\"elementor-heading-title elementor-size-default\">Voz de los amigos de Engin\u24b8\n\n<\/h2>\t\t\t\t<\/div>\n\t\t\t\t<\/div>\n\t\t\t\t<div class=\"elementor-element elementor-element-7c75b6bd elementor-widget elementor-widget-image\" data-id=\"7c75b6bd\" data-element_type=\"widget\" data-e-type=\"widget\" data-widget_type=\"image.default\">\n\t\t\t\t<div class=\"elementor-widget-container\">\n\t\t\t\t\t\t\t\t\t\t\t\t\t\t\t<img fetchpriority=\"high\" decoding=\"async\" width=\"1024\" height=\"159\" src=\"https:\/\/friendsofenginakyurek.org\/wp-content\/uploads\/2022\/10\/FriendsVoiceTagline2-e1665266454444-1024x159.png\" class=\"attachment-large size-large wp-image-6595\" alt=\"\" srcset=\"https:\/\/friendsofenginakyurek.org\/wp-content\/uploads\/2022\/10\/FriendsVoiceTagline2-e1665266454444-1024x159.png 1024w, https:\/\/friendsofenginakyurek.org\/wp-content\/uploads\/2022\/10\/FriendsVoiceTagline2-e1665266454444-600x93.png 600w, https:\/\/friendsofenginakyurek.org\/wp-content\/uploads\/2022\/10\/FriendsVoiceTagline2-e1665266454444-300x46.png 300w, https:\/\/friendsofenginakyurek.org\/wp-content\/uploads\/2022\/10\/FriendsVoiceTagline2-e1665266454444-768x119.png 768w, https:\/\/friendsofenginakyurek.org\/wp-content\/uploads\/2022\/10\/FriendsVoiceTagline2-e1665266454444-1536x238.png 1536w, https:\/\/friendsofenginakyurek.org\/wp-content\/uploads\/2022\/10\/FriendsVoiceTagline2-e1665266454444-2048x317.png 2048w, https:\/\/friendsofenginakyurek.org\/wp-content\/uploads\/2022\/10\/FriendsVoiceTagline2-e1665266454444-18x3.png 18w, https:\/\/friendsofenginakyurek.org\/wp-content\/uploads\/2022\/10\/FriendsVoiceTagline2-e1665266454444-200x31.png 200w, https:\/\/friendsofenginakyurek.org\/wp-content\/uploads\/2022\/10\/FriendsVoiceTagline2-e1665266454444-150x23.png 150w, https:\/\/friendsofenginakyurek.org\/wp-content\/uploads\/2022\/10\/FriendsVoiceTagline2-e1665266454444-547x85.png 547w, https:\/\/friendsofenginakyurek.org\/wp-content\/uploads\/2022\/10\/FriendsVoiceTagline2-e1665266454444-678x105.png 678w, https:\/\/friendsofenginakyurek.org\/wp-content\/uploads\/2022\/10\/FriendsVoiceTagline2-e1665266454444-524x81.png 524w, https:\/\/friendsofenginakyurek.org\/wp-content\/uploads\/2022\/10\/FriendsVoiceTagline2-e1665266454444-420x65.png 420w, https:\/\/friendsofenginakyurek.org\/wp-content\/uploads\/2022\/10\/FriendsVoiceTagline2-e1665266454444-444x69.png 444w, https:\/\/friendsofenginakyurek.org\/wp-content\/uploads\/2022\/10\/FriendsVoiceTagline2-e1665266454444-916x142.png 916w\" sizes=\"(max-width: 1024px) 100vw, 1024px\" \/>\t\t\t\t\t\t\t\t\t\t\t\t\t\t\t<\/div>\n\t\t\t\t<\/div>\n\t\t\t\t\t<\/div>\n\t\t<\/div>\n\t\t\t\t\t<\/div>\n\t\t<\/section>\n\t\t\t\t<section class=\"elementor-section elementor-top-section elementor-element elementor-element-61c6d6a8 elementor-section-content-middle elementor-section-full_width elementor-section-height-default elementor-section-height-default\" data-id=\"61c6d6a8\" data-element_type=\"section\" data-e-type=\"section\">\n\t\t\t\t\t\t<div class=\"elementor-container elementor-column-gap-no\">\n\t\t\t\t\t<div class=\"elementor-column elementor-col-100 elementor-top-column elementor-element elementor-element-467671d5\" data-id=\"467671d5\" data-element_type=\"column\" data-e-type=\"column\">\n\t\t\t<div class=\"elementor-widget-wrap elementor-element-populated\">\n\t\t\t\t\t\t<div class=\"elementor-element elementor-element-6dedc0be elementor-widget elementor-widget-heading\" data-id=\"6dedc0be\" data-element_type=\"widget\" data-e-type=\"widget\" data-widget_type=\"heading.default\">\n\t\t\t\t<div class=\"elementor-widget-container\">\n\t\t\t\t\t<h4 class=\"elementor-heading-title elementor-size-default\">&quot;Quiz\u00e1s es la infancia lo que m\u00e1s se acerca a la vida real&quot; ~Andr\u00e9 Breton<\/h4>\t\t\t\t<\/div>\n\t\t\t\t<\/div>\n\t\t\t\t\t<\/div>\n\t\t<\/div>\n\t\t\t\t\t<\/div>\n\t\t<\/section>\n\t\t\t\t<section class=\"elementor-section elementor-top-section elementor-element elementor-element-13a1219 elementor-section-boxed elementor-section-height-default elementor-section-height-default\" data-id=\"13a1219\" data-element_type=\"section\" data-e-type=\"section\">\n\t\t\t\t\t\t<div class=\"elementor-container elementor-column-gap-default\">\n\t\t\t\t\t<div class=\"elementor-column elementor-col-100 elementor-top-column elementor-element elementor-element-396d862\" data-id=\"396d862\" data-element_type=\"column\" data-e-type=\"column\">\n\t\t\t<div class=\"elementor-widget-wrap elementor-element-populated\">\n\t\t\t\t\t\t<div class=\"elementor-element elementor-element-590e2c8 elementor-widget elementor-widget-heading\" data-id=\"590e2c8\" data-element_type=\"widget\" data-e-type=\"widget\" data-widget_type=\"heading.default\">\n\t\t\t\t<div class=\"elementor-widget-container\">\n\t\t\t\t\t<h2 class=\"elementor-heading-title elementor-size-default\">El polvo m\u00e1gico del Mont-Saint-Michel<\/h2>\t\t\t\t<\/div>\n\t\t\t\t<\/div>\n\t\t\t\t\t<\/div>\n\t\t<\/div>\n\t\t\t\t\t<\/div>\n\t\t<\/section>\n\t\t\t\t<section class=\"elementor-section elementor-top-section elementor-element elementor-element-0923403 elementor-section-boxed elementor-section-height-default elementor-section-height-default\" data-id=\"0923403\" data-element_type=\"section\" data-e-type=\"section\">\n\t\t\t\t\t\t<div class=\"elementor-container elementor-column-gap-default\">\n\t\t\t\t\t<div class=\"elementor-column elementor-col-100 elementor-top-column elementor-element elementor-element-2ed8f58\" data-id=\"2ed8f58\" data-element_type=\"column\" data-e-type=\"column\">\n\t\t\t<div class=\"elementor-widget-wrap elementor-element-populated\">\n\t\t\t\t\t\t<div class=\"elementor-element elementor-element-020f7a5 elementor-widget-divider--view-line elementor-widget elementor-widget-divider\" data-id=\"020f7a5\" data-element_type=\"widget\" data-e-type=\"widget\" data-widget_type=\"divider.default\">\n\t\t\t\t<div class=\"elementor-widget-container\">\n\t\t\t\t\t\t\t<div class=\"elementor-divider\">\n\t\t\t<span class=\"elementor-divider-separator\">\n\t\t\t\t\t\t<\/span>\n\t\t<\/div>\n\t\t\t\t\t\t<\/div>\n\t\t\t\t<\/div>\n\t\t\t\t\t<\/div>\n\t\t<\/div>\n\t\t\t\t\t<\/div>\n\t\t<\/section>\n\t\t\t\t<section class=\"elementor-section elementor-top-section elementor-element elementor-element-96e73ec elementor-section-boxed elementor-section-height-default elementor-section-height-default\" data-id=\"96e73ec\" data-element_type=\"section\" data-e-type=\"section\">\n\t\t\t\t\t\t<div class=\"elementor-container elementor-column-gap-default\">\n\t\t\t\t\t<div class=\"elementor-column elementor-col-50 elementor-top-column elementor-element elementor-element-f5a711a\" data-id=\"f5a711a\" data-element_type=\"column\" data-e-type=\"column\">\n\t\t\t<div class=\"elementor-widget-wrap elementor-element-populated\">\n\t\t\t\t\t\t<div class=\"elementor-element elementor-element-0b95f65 elementor-widget elementor-widget-image\" data-id=\"0b95f65\" data-element_type=\"widget\" data-e-type=\"widget\" data-widget_type=\"image.default\">\n\t\t\t\t<div class=\"elementor-widget-container\">\n\t\t\t\t\t\t\t\t\t\t\t\t<figure class=\"wp-caption\">\n\t\t\t\t\t\t\t\t\t\t<img decoding=\"async\" width=\"503\" height=\"1024\" src=\"https:\/\/friendsofenginakyurek.org\/wp-content\/uploads\/2022\/10\/Magic_grid-503x1024.png\" class=\"attachment-large size-large wp-image-9748\" alt=\"\" srcset=\"https:\/\/friendsofenginakyurek.org\/wp-content\/uploads\/2022\/10\/Magic_grid-503x1024.png 503w, https:\/\/friendsofenginakyurek.org\/wp-content\/uploads\/2022\/10\/Magic_grid-148x300.png 148w, https:\/\/friendsofenginakyurek.org\/wp-content\/uploads\/2022\/10\/Magic_grid-6x12.png 6w, https:\/\/friendsofenginakyurek.org\/wp-content\/uploads\/2022\/10\/Magic_grid-98x200.png 98w, https:\/\/friendsofenginakyurek.org\/wp-content\/uploads\/2022\/10\/Magic_grid-150x305.png 150w, https:\/\/friendsofenginakyurek.org\/wp-content\/uploads\/2022\/10\/Magic_grid-547x1113.png 547w, https:\/\/friendsofenginakyurek.org\/wp-content\/uploads\/2022\/10\/Magic_grid-300x610.png 300w, https:\/\/friendsofenginakyurek.org\/wp-content\/uploads\/2022\/10\/Magic_grid-524x1066.png 524w, https:\/\/friendsofenginakyurek.org\/wp-content\/uploads\/2022\/10\/Magic_grid-420x854.png 420w, https:\/\/friendsofenginakyurek.org\/wp-content\/uploads\/2022\/10\/Magic_grid-444x903.png 444w, https:\/\/friendsofenginakyurek.org\/wp-content\/uploads\/2022\/10\/Magic_grid.png 590w\" sizes=\"(max-width: 503px) 100vw, 503px\" \/>\t\t\t\t\t\t\t\t\t\t\t<figcaption class=\"widget-image-caption wp-caption-text\">M\u00e1gico Mont-Saint Michel, un recuerdo de infancia de la autora Aude-Marie Pape<\/figcaption>\n\t\t\t\t\t\t\t\t\t\t<\/figure>\n\t\t\t\t\t\t\t\t\t<\/div>\n\t\t\t\t<\/div>\n\t\t\t\t\t<\/div>\n\t\t<\/div>\n\t\t\t\t<div class=\"elementor-column elementor-col-50 elementor-top-column elementor-element elementor-element-a40449b\" data-id=\"a40449b\" data-element_type=\"column\" data-e-type=\"column\">\n\t\t\t<div class=\"elementor-widget-wrap elementor-element-populated\">\n\t\t\t\t\t\t<div class=\"elementor-element elementor-element-e41c113 elementor-widget elementor-widget-text-editor\" data-id=\"e41c113\" data-element_type=\"widget\" data-e-type=\"widget\" data-widget_type=\"text-editor.default\">\n\t\t\t\t<div class=\"elementor-widget-container\">\n\t\t\t\t\t\t\t\t\tLos invito a un cuento especial; durante esta \u00e9poca especial del a\u00f1o. No apaguemos la magia del coraz\u00f3n y la maravilla del alma de un ni\u00f1o. Esta temporada es propicia para los recuerdos enterrados en lo profundo de nuestros sentidos; esas que guardamos debajo de las almohadas para tranquilizarnos. Comparto con ustedes un v\u00edvido recuerdo de infancia; una tarde en Mont-Saint-Michel. Este peque\u00f1o rinc\u00f3n del mundo, ubicado entre Breta\u00f1a y Normand\u00eda, est\u00e1 anclado en una bah\u00eda encantadora frente a las Islas del Canal. Un viaje que disfrutar\u00eda con mi abuelo en mi primera infancia.  \t\t\t\t\t\t\t\t<\/div>\n\t\t\t\t<\/div>\n\t\t\t\t<div class=\"elementor-element elementor-element-040c1e8 elementor-widget elementor-widget-text-editor\" data-id=\"040c1e8\" data-element_type=\"widget\" data-e-type=\"widget\" data-widget_type=\"text-editor.default\">\n\t\t\t\t<div class=\"elementor-widget-container\">\n\t\t\t\t\t\t\t\t\tDurante el invierno, los \u00e1rboles desnudos levantaban sus restos esquel\u00e9ticos blanqueados. Al final de un largo camino recorrido, ventoso y m\u00e1s all\u00e1 de las brumosas arboledas, el Mont-Saint-Michel brillaba con toda su luz. All\u00ed se qued\u00f3, obra plural por su trinidad: mar-cielo-tierra y suscit\u00f3 tantos placeres sensoriales en colores primaverales. El Mont-Saint-Michel, un basti\u00f3n g\u00f3tico de granito, anclado sobre una roca batida por los vientos y las olas, se mantuvo firme con su flecha hacia el cielo.\n\t\t\t\t\t\t\t\t<\/div>\n\t\t\t\t<\/div>\n\t\t\t\t<div class=\"elementor-element elementor-element-cb45561 elementor-widget elementor-widget-text-editor\" data-id=\"cb45561\" data-element_type=\"widget\" data-e-type=\"widget\" data-widget_type=\"text-editor.default\">\n\t\t\t\t<div class=\"elementor-widget-container\">\n\t\t\t\t\t\t\t\t\tCon origen en la influencia espiritual de la Edad Media, durante la Navidad lanz\u00f3 un polvo m\u00e1gico, reviviendo el misterio. <i>Este Gulliver luminoso nos trag\u00f3 como la Ballena de Pinocho.<\/i>\t\t\t\t\t\t\t\t<\/div>\n\t\t\t\t<\/div>\n\t\t\t\t<div class=\"elementor-element elementor-element-13a7f9f elementor-widget elementor-widget-text-editor\" data-id=\"13a7f9f\" data-element_type=\"widget\" data-e-type=\"widget\" data-widget_type=\"text-editor.default\">\n\t\t\t\t<div class=\"elementor-widget-container\">\n\t\t\t\t\t\t\t\t\tEn la subida a la Abad\u00eda, mi abuelo prefer\u00eda cruzar los jardines para embriagarse con los olores de las con\u00edferas. Los abetos destilaban sus perfumes y adornados con mil fuegos, destellos de misterio se proyectaban en las paredes; lluvias de polvo de oro. Sus gigantescas sombras me animaron a acurrucarme con mi abuelo, apretando m\u00e1s fuerte mi peque\u00f1o guante contra el suyo. \n\t\t\t\t\t\t\t\t<\/div>\n\t\t\t\t<\/div>\n\t\t\t\t<div class=\"elementor-element elementor-element-66f4448 elementor-widget elementor-widget-text-editor\" data-id=\"66f4448\" data-element_type=\"widget\" data-e-type=\"widget\" data-widget_type=\"text-editor.default\">\n\t\t\t\t<div class=\"elementor-widget-container\">\n\t\t\t\t\t\t\t\t\tMientras camin\u00e1bamos, compartimos la magia de las celebraciones de fin de a\u00f1o. Mis ojos revolotearon esa noche; mi mirada nunca dej\u00f3 de desviarse del descubrimiento de animales imaginarios formados por la naturaleza en este antiguo pueblo. Mi mente y mi alma estaban en otra parte. Pod\u00eda escuchar las campanas y el sonido de los cantos a lo lejos, con aromas de canela, clavo, naranja y vino caliente cruzando los callejones medievales. \n\t\t\t\t\t\t\t\t<\/div>\n\t\t\t\t<\/div>\n\t\t\t\t<div class=\"elementor-element elementor-element-ea0f671 elementor-widget elementor-widget-text-editor\" data-id=\"ea0f671\" data-element_type=\"widget\" data-e-type=\"widget\" data-widget_type=\"text-editor.default\">\n\t\t\t\t<div class=\"elementor-widget-container\">\n\t\t\t\t\t\t\t\t\tEste recuerdo de mi abuelo, que me ense\u00f1\u00f3 a cultivar todas estas peque\u00f1as alegr\u00edas, se queda conmigo. Querida Engin, querida <i>amigos<\/i>: Expreso mis mejores deseos para usted y sus seres queridos y les deseo la magia de este polvo especial del Mont-Saint-Michel.\t\t\t\t\t\t\t\t<\/div>\n\t\t\t\t<\/div>\n\t\t\t\t<section class=\"elementor-section elementor-inner-section elementor-element elementor-element-09bfd6d elementor-section-boxed elementor-section-height-default elementor-section-height-default\" data-id=\"09bfd6d\" data-element_type=\"section\" data-e-type=\"section\">\n\t\t\t\t\t\t<div class=\"elementor-container elementor-column-gap-default\">\n\t\t\t\t\t<div class=\"elementor-column elementor-col-50 elementor-inner-column elementor-element elementor-element-e480ef1\" data-id=\"e480ef1\" data-element_type=\"column\" data-e-type=\"column\">\n\t\t\t<div class=\"elementor-widget-wrap elementor-element-populated\">\n\t\t\t\t\t\t<div class=\"elementor-element elementor-element-71ae1f7 elementor-widget elementor-widget-text-editor\" data-id=\"71ae1f7\" data-element_type=\"widget\" data-e-type=\"widget\" data-widget_type=\"text-editor.default\">\n\t\t\t\t<div class=\"elementor-widget-container\">\n\t\t\t\t\t\t\t\t\tAude-Marie Pape<br>\nPar\u00eds, Francia\t\t\t\t\t\t\t\t<\/div>\n\t\t\t\t<\/div>\n\t\t\t\t\t<\/div>\n\t\t<\/div>\n\t\t\t\t<div class=\"elementor-column elementor-col-50 elementor-inner-column elementor-element elementor-element-142b22e\" data-id=\"142b22e\" data-element_type=\"column\" data-e-type=\"column\">\n\t\t\t<div class=\"elementor-widget-wrap elementor-element-populated\">\n\t\t\t\t\t\t<div class=\"elementor-element elementor-element-a03a949 elementor-widget elementor-widget-image\" data-id=\"a03a949\" data-element_type=\"widget\" data-e-type=\"widget\" data-widget_type=\"image.default\">\n\t\t\t\t<div class=\"elementor-widget-container\">\n\t\t\t\t\t\t\t\t\t\t\t\t\t\t\t<img decoding=\"async\" width=\"150\" height=\"150\" src=\"https:\/\/friendsofenginakyurek.org\/wp-content\/uploads\/2022\/12\/Aude_thumbnail-150x150.jpg\" class=\"attachment-thumbnail size-thumbnail wp-image-9752\" alt=\"\" srcset=\"https:\/\/friendsofenginakyurek.org\/wp-content\/uploads\/2022\/12\/Aude_thumbnail-150x150.jpg 150w, https:\/\/friendsofenginakyurek.org\/wp-content\/uploads\/2022\/12\/Aude_thumbnail-300x300.jpg 300w, https:\/\/friendsofenginakyurek.org\/wp-content\/uploads\/2022\/12\/Aude_thumbnail-100x100.jpg 100w, https:\/\/friendsofenginakyurek.org\/wp-content\/uploads\/2022\/12\/Aude_thumbnail-600x600.jpg 600w, https:\/\/friendsofenginakyurek.org\/wp-content\/uploads\/2022\/12\/Aude_thumbnail-1024x1024.jpg 1024w, https:\/\/friendsofenginakyurek.org\/wp-content\/uploads\/2022\/12\/Aude_thumbnail-768x768.jpg 768w, https:\/\/friendsofenginakyurek.org\/wp-content\/uploads\/2022\/12\/Aude_thumbnail-12x12.jpg 12w, https:\/\/friendsofenginakyurek.org\/wp-content\/uploads\/2022\/12\/Aude_thumbnail-200x200.jpg 200w, https:\/\/friendsofenginakyurek.org\/wp-content\/uploads\/2022\/12\/Aude_thumbnail-547x547.jpg 547w, https:\/\/friendsofenginakyurek.org\/wp-content\/uploads\/2022\/12\/Aude_thumbnail-678x678.jpg 678w, https:\/\/friendsofenginakyurek.org\/wp-content\/uploads\/2022\/12\/Aude_thumbnail-524x524.jpg 524w, https:\/\/friendsofenginakyurek.org\/wp-content\/uploads\/2022\/12\/Aude_thumbnail-420x420.jpg 420w, https:\/\/friendsofenginakyurek.org\/wp-content\/uploads\/2022\/12\/Aude_thumbnail-444x444.jpg 444w, https:\/\/friendsofenginakyurek.org\/wp-content\/uploads\/2022\/12\/Aude_thumbnail-916x916.jpg 916w, https:\/\/friendsofenginakyurek.org\/wp-content\/uploads\/2022\/12\/Aude_thumbnail.jpg 1080w\" sizes=\"(max-width: 150px) 100vw, 150px\" \/>\t\t\t\t\t\t\t\t\t\t\t\t\t\t\t<\/div>\n\t\t\t\t<\/div>\n\t\t\t\t\t<\/div>\n\t\t<\/div>\n\t\t\t\t\t<\/div>\n\t\t<\/section>\n\t\t\t\t\t<\/div>\n\t\t<\/div>\n\t\t\t\t\t<\/div>\n\t\t<\/section>\n\t\t\t\t<section class=\"elementor-section elementor-top-section elementor-element elementor-element-29479c22 elementor-section-boxed elementor-section-height-default elementor-section-height-default\" data-id=\"29479c22\" data-element_type=\"section\" data-e-type=\"section\">\n\t\t\t\t\t\t<div class=\"elementor-container elementor-column-gap-default\">\n\t\t\t\t\t<div class=\"elementor-column elementor-col-100 elementor-top-column elementor-element elementor-element-7b6b394f\" data-id=\"7b6b394f\" data-element_type=\"column\" data-e-type=\"column\">\n\t\t\t<div class=\"elementor-widget-wrap elementor-element-populated\">\n\t\t\t\t\t\t<div class=\"elementor-element elementor-element-15495e35 elementor-widget elementor-widget-heading\" data-id=\"15495e35\" data-element_type=\"widget\" data-e-type=\"widget\" data-widget_type=\"heading.default\">\n\t\t\t\t<div class=\"elementor-widget-container\">\n\t\t\t\t\t<h2 class=\"elementor-heading-title elementor-size-default\"><a href=\"https:\/\/friendsofenginakyurek.org\/es\/voice-of-engin\/\">Volver a Voz de los Amigos de ENG\u0130N\u00a9<\/a><\/h2>\t\t\t\t<\/div>\n\t\t\t\t<\/div>\n\t\t\t\t\t<\/div>\n\t\t<\/div>\n\t\t\t\t\t<\/div>\n\t\t<\/section>\n\t\t\t\t<\/div>","protected":false},"excerpt":{"rendered":"<p>Voice of Engin&#8217;s Friends\u24b8 &#8220;It is perhaps childhood that comes closest to real life&#8221; ~Andr\u00e9 Breton The Magic Dust of Mont-Saint-Michel Magical Mont-Saint Michel, a childhood memory of author Aude-Marie Pape I invite you to a special tale; during this special time of year. Let\u2019s not extinguish the heart\u2019s magic and wonder of a child\u2019s &hellip; <a href=\"https:\/\/friendsofenginakyurek.org\/es\/another-time-a-magical-place\/\" class=\"more-link\">sigue leyendo <span class=\"screen-reader-text\">Otro Tiempo, Un Lugar M\u00e1gico<\/span><\/a><\/p>","protected":false},"author":1,"featured_media":9763,"comment_status":"open","ping_status":"open","sticky":false,"template":"elementor_header_footer","format":"standard","meta":{"_jetpack_memberships_contains_paid_content":false,"footnotes":""},"categories":[42],"tags":[],"class_list":["post-6340","post","type-post","status-publish","format-standard","has-post-thumbnail","hentry","category-grid-1"],"jetpack_featured_media_url":"https:\/\/friendsofenginakyurek.org\/wp-content\/uploads\/2022\/10\/Magic-grid-image2-scaled.jpg","jetpack_sharing_enabled":true,"_links":{"self":[{"href":"https:\/\/friendsofenginakyurek.org\/es\/wp-json\/wp\/v2\/posts\/6340","targetHints":{"allow":["GET"]}}],"collection":[{"href":"https:\/\/friendsofenginakyurek.org\/es\/wp-json\/wp\/v2\/posts"}],"about":[{"href":"https:\/\/friendsofenginakyurek.org\/es\/wp-json\/wp\/v2\/types\/post"}],"author":[{"embeddable":true,"href":"https:\/\/friendsofenginakyurek.org\/es\/wp-json\/wp\/v2\/users\/1"}],"replies":[{"embeddable":true,"href":"https:\/\/friendsofenginakyurek.org\/es\/wp-json\/wp\/v2\/comments?post=6340"}],"version-history":[{"count":110,"href":"https:\/\/friendsofenginakyurek.org\/es\/wp-json\/wp\/v2\/posts\/6340\/revisions"}],"predecessor-version":[{"id":9764,"href":"https:\/\/friendsofenginakyurek.org\/es\/wp-json\/wp\/v2\/posts\/6340\/revisions\/9764"}],"wp:featuredmedia":[{"embeddable":true,"href":"https:\/\/friendsofenginakyurek.org\/es\/wp-json\/wp\/v2\/media\/9763"}],"wp:attachment":[{"href":"https:\/\/friendsofenginakyurek.org\/es\/wp-json\/wp\/v2\/media?parent=6340"}],"wp:term":[{"taxonomy":"category","embeddable":true,"href":"https:\/\/friendsofenginakyurek.org\/es\/wp-json\/wp\/v2\/categories?post=6340"},{"taxonomy":"post_tag","embeddable":true,"href":"https:\/\/friendsofenginakyurek.org\/es\/wp-json\/wp\/v2\/tags?post=6340"}],"curies":[{"name":"gracias","href":"https:\/\/api.w.org\/{rel}","templated":true}]}}