{"id":6340,"date":"2022-10-07T22:00:12","date_gmt":"2022-10-07T22:00:12","guid":{"rendered":"https:\/\/friendsofenginakyurek.org\/?p=6340"},"modified":"2022-12-16T21:09:56","modified_gmt":"2022-12-16T21:09:56","slug":"another-time-a-magical-place","status":"publish","type":"post","link":"https:\/\/friendsofenginakyurek.org\/pt\/another-time-a-magical-place\/","title":{"rendered":"Outro Tempo, Um Lugar M\u00e1gico"},"content":{"rendered":"<div data-elementor-type=\"wp-post\" data-elementor-id=\"6340\" class=\"elementor elementor-6340\" data-elementor-post-type=\"post\">\n\t\t\t\t\t\t<section class=\"elementor-section elementor-top-section elementor-element elementor-element-68dedc82 elementor-section-height-min-height elementor-section-content-middle elementor-section-boxed elementor-section-height-default elementor-section-items-middle\" data-id=\"68dedc82\" data-element_type=\"section\" data-e-type=\"section\" data-settings=\"{&quot;background_background&quot;:&quot;classic&quot;}\">\n\t\t\t\t\t\t\t<div class=\"elementor-background-overlay\"><\/div>\n\t\t\t\t\t\t\t<div class=\"elementor-container elementor-column-gap-no\">\n\t\t\t\t\t<div class=\"elementor-column elementor-col-100 elementor-top-column elementor-element elementor-element-59f88d3c\" data-id=\"59f88d3c\" data-element_type=\"column\" data-e-type=\"column\">\n\t\t\t<div class=\"elementor-widget-wrap elementor-element-populated\">\n\t\t\t\t\t\t<div class=\"elementor-element elementor-element-1ebe9fd6 elementor-widget elementor-widget-heading\" data-id=\"1ebe9fd6\" data-element_type=\"widget\" data-e-type=\"widget\" data-widget_type=\"heading.default\">\n\t\t\t\t<div class=\"elementor-widget-container\">\n\t\t\t\t\t<h2 class=\"elementor-heading-title elementor-size-default\">Voz dos amigos de Engin\u24b8\n\n<\/h2>\t\t\t\t<\/div>\n\t\t\t\t<\/div>\n\t\t\t\t<div class=\"elementor-element elementor-element-7c75b6bd elementor-widget elementor-widget-image\" data-id=\"7c75b6bd\" data-element_type=\"widget\" data-e-type=\"widget\" data-widget_type=\"image.default\">\n\t\t\t\t<div class=\"elementor-widget-container\">\n\t\t\t\t\t\t\t\t\t\t\t\t\t\t\t<img fetchpriority=\"high\" decoding=\"async\" width=\"1024\" height=\"159\" src=\"https:\/\/friendsofenginakyurek.org\/wp-content\/uploads\/2022\/10\/FriendsVoiceTagline2-e1665266454444-1024x159.png\" class=\"attachment-large size-large wp-image-6595\" alt=\"\" srcset=\"https:\/\/friendsofenginakyurek.org\/wp-content\/uploads\/2022\/10\/FriendsVoiceTagline2-e1665266454444-1024x159.png 1024w, https:\/\/friendsofenginakyurek.org\/wp-content\/uploads\/2022\/10\/FriendsVoiceTagline2-e1665266454444-600x93.png 600w, https:\/\/friendsofenginakyurek.org\/wp-content\/uploads\/2022\/10\/FriendsVoiceTagline2-e1665266454444-300x46.png 300w, https:\/\/friendsofenginakyurek.org\/wp-content\/uploads\/2022\/10\/FriendsVoiceTagline2-e1665266454444-768x119.png 768w, https:\/\/friendsofenginakyurek.org\/wp-content\/uploads\/2022\/10\/FriendsVoiceTagline2-e1665266454444-1536x238.png 1536w, https:\/\/friendsofenginakyurek.org\/wp-content\/uploads\/2022\/10\/FriendsVoiceTagline2-e1665266454444-2048x317.png 2048w, https:\/\/friendsofenginakyurek.org\/wp-content\/uploads\/2022\/10\/FriendsVoiceTagline2-e1665266454444-18x3.png 18w, https:\/\/friendsofenginakyurek.org\/wp-content\/uploads\/2022\/10\/FriendsVoiceTagline2-e1665266454444-200x31.png 200w, https:\/\/friendsofenginakyurek.org\/wp-content\/uploads\/2022\/10\/FriendsVoiceTagline2-e1665266454444-150x23.png 150w, https:\/\/friendsofenginakyurek.org\/wp-content\/uploads\/2022\/10\/FriendsVoiceTagline2-e1665266454444-547x85.png 547w, https:\/\/friendsofenginakyurek.org\/wp-content\/uploads\/2022\/10\/FriendsVoiceTagline2-e1665266454444-678x105.png 678w, https:\/\/friendsofenginakyurek.org\/wp-content\/uploads\/2022\/10\/FriendsVoiceTagline2-e1665266454444-524x81.png 524w, https:\/\/friendsofenginakyurek.org\/wp-content\/uploads\/2022\/10\/FriendsVoiceTagline2-e1665266454444-420x65.png 420w, https:\/\/friendsofenginakyurek.org\/wp-content\/uploads\/2022\/10\/FriendsVoiceTagline2-e1665266454444-444x69.png 444w, https:\/\/friendsofenginakyurek.org\/wp-content\/uploads\/2022\/10\/FriendsVoiceTagline2-e1665266454444-916x142.png 916w\" sizes=\"(max-width: 1024px) 100vw, 1024px\" \/>\t\t\t\t\t\t\t\t\t\t\t\t\t\t\t<\/div>\n\t\t\t\t<\/div>\n\t\t\t\t\t<\/div>\n\t\t<\/div>\n\t\t\t\t\t<\/div>\n\t\t<\/section>\n\t\t\t\t<section class=\"elementor-section elementor-top-section elementor-element elementor-element-61c6d6a8 elementor-section-content-middle elementor-section-full_width elementor-section-height-default elementor-section-height-default\" data-id=\"61c6d6a8\" data-element_type=\"section\" data-e-type=\"section\">\n\t\t\t\t\t\t<div class=\"elementor-container elementor-column-gap-no\">\n\t\t\t\t\t<div class=\"elementor-column elementor-col-100 elementor-top-column elementor-element elementor-element-467671d5\" data-id=\"467671d5\" data-element_type=\"column\" data-e-type=\"column\">\n\t\t\t<div class=\"elementor-widget-wrap elementor-element-populated\">\n\t\t\t\t\t\t<div class=\"elementor-element elementor-element-6dedc0be elementor-widget elementor-widget-heading\" data-id=\"6dedc0be\" data-element_type=\"widget\" data-e-type=\"widget\" data-widget_type=\"heading.default\">\n\t\t\t\t<div class=\"elementor-widget-container\">\n\t\t\t\t\t<h4 class=\"elementor-heading-title elementor-size-default\">&quot;Talvez seja a inf\u00e2ncia que mais se aproxima da vida real&quot; ~Andr\u00e9 Breton<\/h4>\t\t\t\t<\/div>\n\t\t\t\t<\/div>\n\t\t\t\t\t<\/div>\n\t\t<\/div>\n\t\t\t\t\t<\/div>\n\t\t<\/section>\n\t\t\t\t<section class=\"elementor-section elementor-top-section elementor-element elementor-element-13a1219 elementor-section-boxed elementor-section-height-default elementor-section-height-default\" data-id=\"13a1219\" data-element_type=\"section\" data-e-type=\"section\">\n\t\t\t\t\t\t<div class=\"elementor-container elementor-column-gap-default\">\n\t\t\t\t\t<div class=\"elementor-column elementor-col-100 elementor-top-column elementor-element elementor-element-396d862\" data-id=\"396d862\" data-element_type=\"column\" data-e-type=\"column\">\n\t\t\t<div class=\"elementor-widget-wrap elementor-element-populated\">\n\t\t\t\t\t\t<div class=\"elementor-element elementor-element-590e2c8 elementor-widget elementor-widget-heading\" data-id=\"590e2c8\" data-element_type=\"widget\" data-e-type=\"widget\" data-widget_type=\"heading.default\">\n\t\t\t\t<div class=\"elementor-widget-container\">\n\t\t\t\t\t<h2 class=\"elementor-heading-title elementor-size-default\">A poeira m\u00e1gica do Mont-Saint-Michel<\/h2>\t\t\t\t<\/div>\n\t\t\t\t<\/div>\n\t\t\t\t\t<\/div>\n\t\t<\/div>\n\t\t\t\t\t<\/div>\n\t\t<\/section>\n\t\t\t\t<section class=\"elementor-section elementor-top-section elementor-element elementor-element-0923403 elementor-section-boxed elementor-section-height-default elementor-section-height-default\" data-id=\"0923403\" data-element_type=\"section\" data-e-type=\"section\">\n\t\t\t\t\t\t<div class=\"elementor-container elementor-column-gap-default\">\n\t\t\t\t\t<div class=\"elementor-column elementor-col-100 elementor-top-column elementor-element elementor-element-2ed8f58\" data-id=\"2ed8f58\" data-element_type=\"column\" data-e-type=\"column\">\n\t\t\t<div class=\"elementor-widget-wrap elementor-element-populated\">\n\t\t\t\t\t\t<div class=\"elementor-element elementor-element-020f7a5 elementor-widget-divider--view-line elementor-widget elementor-widget-divider\" data-id=\"020f7a5\" data-element_type=\"widget\" data-e-type=\"widget\" data-widget_type=\"divider.default\">\n\t\t\t\t<div class=\"elementor-widget-container\">\n\t\t\t\t\t\t\t<div class=\"elementor-divider\">\n\t\t\t<span class=\"elementor-divider-separator\">\n\t\t\t\t\t\t<\/span>\n\t\t<\/div>\n\t\t\t\t\t\t<\/div>\n\t\t\t\t<\/div>\n\t\t\t\t\t<\/div>\n\t\t<\/div>\n\t\t\t\t\t<\/div>\n\t\t<\/section>\n\t\t\t\t<section class=\"elementor-section elementor-top-section elementor-element elementor-element-96e73ec elementor-section-boxed elementor-section-height-default elementor-section-height-default\" data-id=\"96e73ec\" data-element_type=\"section\" data-e-type=\"section\">\n\t\t\t\t\t\t<div class=\"elementor-container elementor-column-gap-default\">\n\t\t\t\t\t<div class=\"elementor-column elementor-col-50 elementor-top-column elementor-element elementor-element-f5a711a\" data-id=\"f5a711a\" data-element_type=\"column\" data-e-type=\"column\">\n\t\t\t<div class=\"elementor-widget-wrap elementor-element-populated\">\n\t\t\t\t\t\t<div class=\"elementor-element elementor-element-0b95f65 elementor-widget elementor-widget-image\" data-id=\"0b95f65\" data-element_type=\"widget\" data-e-type=\"widget\" data-widget_type=\"image.default\">\n\t\t\t\t<div class=\"elementor-widget-container\">\n\t\t\t\t\t\t\t\t\t\t\t\t<figure class=\"wp-caption\">\n\t\t\t\t\t\t\t\t\t\t<img decoding=\"async\" width=\"503\" height=\"1024\" src=\"https:\/\/friendsofenginakyurek.org\/wp-content\/uploads\/2022\/10\/Magic_grid-503x1024.png\" class=\"attachment-large size-large wp-image-9748\" alt=\"\" srcset=\"https:\/\/friendsofenginakyurek.org\/wp-content\/uploads\/2022\/10\/Magic_grid-503x1024.png 503w, https:\/\/friendsofenginakyurek.org\/wp-content\/uploads\/2022\/10\/Magic_grid-148x300.png 148w, https:\/\/friendsofenginakyurek.org\/wp-content\/uploads\/2022\/10\/Magic_grid-6x12.png 6w, https:\/\/friendsofenginakyurek.org\/wp-content\/uploads\/2022\/10\/Magic_grid-98x200.png 98w, https:\/\/friendsofenginakyurek.org\/wp-content\/uploads\/2022\/10\/Magic_grid-150x305.png 150w, https:\/\/friendsofenginakyurek.org\/wp-content\/uploads\/2022\/10\/Magic_grid-547x1113.png 547w, https:\/\/friendsofenginakyurek.org\/wp-content\/uploads\/2022\/10\/Magic_grid-300x610.png 300w, https:\/\/friendsofenginakyurek.org\/wp-content\/uploads\/2022\/10\/Magic_grid-524x1066.png 524w, https:\/\/friendsofenginakyurek.org\/wp-content\/uploads\/2022\/10\/Magic_grid-420x854.png 420w, https:\/\/friendsofenginakyurek.org\/wp-content\/uploads\/2022\/10\/Magic_grid-444x903.png 444w, https:\/\/friendsofenginakyurek.org\/wp-content\/uploads\/2022\/10\/Magic_grid.png 590w\" sizes=\"(max-width: 503px) 100vw, 503px\" \/>\t\t\t\t\t\t\t\t\t\t\t<figcaption class=\"widget-image-caption wp-caption-text\">O m\u00e1gico Mont-Saint Michel, uma lembran\u00e7a de inf\u00e2ncia da autora Aude-Marie Pape<\/figcaption>\n\t\t\t\t\t\t\t\t\t\t<\/figure>\n\t\t\t\t\t\t\t\t\t<\/div>\n\t\t\t\t<\/div>\n\t\t\t\t\t<\/div>\n\t\t<\/div>\n\t\t\t\t<div class=\"elementor-column elementor-col-50 elementor-top-column elementor-element elementor-element-a40449b\" data-id=\"a40449b\" data-element_type=\"column\" data-e-type=\"column\">\n\t\t\t<div class=\"elementor-widget-wrap elementor-element-populated\">\n\t\t\t\t\t\t<div class=\"elementor-element elementor-element-e41c113 elementor-widget elementor-widget-text-editor\" data-id=\"e41c113\" data-element_type=\"widget\" data-e-type=\"widget\" data-widget_type=\"text-editor.default\">\n\t\t\t\t<div class=\"elementor-widget-container\">\n\t\t\t\t\t\t\t\t\tConvido voc\u00ea para um conto especial; nesta \u00e9poca especial do ano. N\u00e3o vamos extinguir a magia do cora\u00e7\u00e3o e a maravilha da alma de uma crian\u00e7a. Esta esta\u00e7\u00e3o \u00e9 prop\u00edcia a mem\u00f3rias profundamente enterradas em nossos sentidos; aqueles que guardamos debaixo do travesseiro para tranquilizar. Compartilho com voc\u00ea uma mem\u00f3ria v\u00edvida da inf\u00e2ncia; uma noite no Mont-Saint-Michel. Este cantinho do mundo, aninhado entre a Bretanha e a Normandia, ancorado numa encantadora ba\u00eda de frente para as Ilhas do Canal. Uma viagem que eu desfrutaria com meu av\u00f4 na minha primeira inf\u00e2ncia.  \t\t\t\t\t\t\t\t<\/div>\n\t\t\t\t<\/div>\n\t\t\t\t<div class=\"elementor-element elementor-element-040c1e8 elementor-widget elementor-widget-text-editor\" data-id=\"040c1e8\" data-element_type=\"widget\" data-e-type=\"widget\" data-widget_type=\"text-editor.default\">\n\t\t\t\t<div class=\"elementor-widget-container\">\n\t\t\t\t\t\t\t\t\tDurante o inverno, as \u00e1rvores nuas erguiam seus restos esquel\u00e9ticos branqueados. No final de uma longa estrada percorrida, ventosa e al\u00e9m dos bosques enevoados, o Mont-Saint-Michel brilhava com toda a sua luz. Ficou ali, obra plural por sua trindade: mar-c\u00e9u-terra e despertou tantos prazeres sensoriais em cores vernais. O Mont-Saint-Michel, um basti\u00e3o g\u00f3tico de granito, ancorado em uma rocha batida pelos ventos e ondas, ergueu-se forte com sua flecha para o c\u00e9u.\n\t\t\t\t\t\t\t\t<\/div>\n\t\t\t\t<\/div>\n\t\t\t\t<div class=\"elementor-element elementor-element-cb45561 elementor-widget elementor-widget-text-editor\" data-id=\"cb45561\" data-element_type=\"widget\" data-e-type=\"widget\" data-widget_type=\"text-editor.default\">\n\t\t\t\t<div class=\"elementor-widget-container\">\n\t\t\t\t\t\t\t\t\tOrigin\u00e1rio da influ\u00eancia espiritual da Idade M\u00e9dia, durante o Natal ele liberou um p\u00f3 m\u00e1gico, revivendo o mist\u00e9rio. <i>Este Gulliver luminoso nos engoliu como a Baleia do Pin\u00f3quio.<\/i>\t\t\t\t\t\t\t\t<\/div>\n\t\t\t\t<\/div>\n\t\t\t\t<div class=\"elementor-element elementor-element-13a7f9f elementor-widget elementor-widget-text-editor\" data-id=\"13a7f9f\" data-element_type=\"widget\" data-e-type=\"widget\" data-widget_type=\"text-editor.default\">\n\t\t\t\t<div class=\"elementor-widget-container\">\n\t\t\t\t\t\t\t\t\tNa subida \u00e0 Abadia, o meu av\u00f4 preferia atravessar os jardins para se embriagar com os aromas das con\u00edferas. Os abetos destilavam seus perfumes e adornavam-se com mil fogos, projetavam-se nas paredes clar\u00f5es de mist\u00e9rio; chuvas de p\u00f3 de ouro. Suas sombras gigantescas me encorajaram a me aconchegar ao meu av\u00f4, apertando minha pequena luva contra a dele. \n\t\t\t\t\t\t\t\t<\/div>\n\t\t\t\t<\/div>\n\t\t\t\t<div class=\"elementor-element elementor-element-66f4448 elementor-widget elementor-widget-text-editor\" data-id=\"66f4448\" data-element_type=\"widget\" data-e-type=\"widget\" data-widget_type=\"text-editor.default\">\n\t\t\t\t<div class=\"elementor-widget-container\">\n\t\t\t\t\t\t\t\t\tEnquanto caminh\u00e1vamos, compartilhamos a magia das comemora\u00e7\u00f5es de fim de ano. Meus olhos tremularam naquela noite; meu olhar nunca deixou de se desviar da descoberta de animais imagin\u00e1rios formados pela natureza nesta antiga vila. Minha mente e alma estavam em outro lugar. Ouviam-se os sinos e o canto ao longe, com aromas de canela, cravinho, laranja e vinho quente a atravessar as ruelas medievais. \n\t\t\t\t\t\t\t\t<\/div>\n\t\t\t\t<\/div>\n\t\t\t\t<div class=\"elementor-element elementor-element-ea0f671 elementor-widget elementor-widget-text-editor\" data-id=\"ea0f671\" data-element_type=\"widget\" data-e-type=\"widget\" data-widget_type=\"text-editor.default\">\n\t\t\t\t<div class=\"elementor-widget-container\">\n\t\t\t\t\t\t\t\t\tFica comigo essa lembran\u00e7a do meu av\u00f4, que me ensinou a cultivar todas essas pequenas alegrias. Caro Engin, querido <i>amigos<\/i>: Eu expresso meus melhores votos para voc\u00ea e seus entes queridos e desejo para voc\u00ea a magia desta poeira especial do Mont-Saint-Michel.\t\t\t\t\t\t\t\t<\/div>\n\t\t\t\t<\/div>\n\t\t\t\t<section class=\"elementor-section elementor-inner-section elementor-element elementor-element-09bfd6d elementor-section-boxed elementor-section-height-default elementor-section-height-default\" data-id=\"09bfd6d\" data-element_type=\"section\" data-e-type=\"section\">\n\t\t\t\t\t\t<div class=\"elementor-container elementor-column-gap-default\">\n\t\t\t\t\t<div class=\"elementor-column elementor-col-50 elementor-inner-column elementor-element elementor-element-e480ef1\" data-id=\"e480ef1\" data-element_type=\"column\" data-e-type=\"column\">\n\t\t\t<div class=\"elementor-widget-wrap elementor-element-populated\">\n\t\t\t\t\t\t<div class=\"elementor-element elementor-element-71ae1f7 elementor-widget elementor-widget-text-editor\" data-id=\"71ae1f7\" data-element_type=\"widget\" data-e-type=\"widget\" data-widget_type=\"text-editor.default\">\n\t\t\t\t<div class=\"elementor-widget-container\">\n\t\t\t\t\t\t\t\t\tAude-Marie Pape<br>\nParis, Fran\u00e7a\t\t\t\t\t\t\t\t<\/div>\n\t\t\t\t<\/div>\n\t\t\t\t\t<\/div>\n\t\t<\/div>\n\t\t\t\t<div class=\"elementor-column elementor-col-50 elementor-inner-column elementor-element elementor-element-142b22e\" data-id=\"142b22e\" data-element_type=\"column\" data-e-type=\"column\">\n\t\t\t<div class=\"elementor-widget-wrap elementor-element-populated\">\n\t\t\t\t\t\t<div class=\"elementor-element elementor-element-a03a949 elementor-widget elementor-widget-image\" data-id=\"a03a949\" data-element_type=\"widget\" data-e-type=\"widget\" data-widget_type=\"image.default\">\n\t\t\t\t<div class=\"elementor-widget-container\">\n\t\t\t\t\t\t\t\t\t\t\t\t\t\t\t<img decoding=\"async\" width=\"150\" height=\"150\" src=\"https:\/\/friendsofenginakyurek.org\/wp-content\/uploads\/2022\/12\/Aude_thumbnail-150x150.jpg\" class=\"attachment-thumbnail size-thumbnail wp-image-9752\" alt=\"\" srcset=\"https:\/\/friendsofenginakyurek.org\/wp-content\/uploads\/2022\/12\/Aude_thumbnail-150x150.jpg 150w, https:\/\/friendsofenginakyurek.org\/wp-content\/uploads\/2022\/12\/Aude_thumbnail-300x300.jpg 300w, https:\/\/friendsofenginakyurek.org\/wp-content\/uploads\/2022\/12\/Aude_thumbnail-100x100.jpg 100w, https:\/\/friendsofenginakyurek.org\/wp-content\/uploads\/2022\/12\/Aude_thumbnail-600x600.jpg 600w, https:\/\/friendsofenginakyurek.org\/wp-content\/uploads\/2022\/12\/Aude_thumbnail-1024x1024.jpg 1024w, https:\/\/friendsofenginakyurek.org\/wp-content\/uploads\/2022\/12\/Aude_thumbnail-768x768.jpg 768w, https:\/\/friendsofenginakyurek.org\/wp-content\/uploads\/2022\/12\/Aude_thumbnail-12x12.jpg 12w, https:\/\/friendsofenginakyurek.org\/wp-content\/uploads\/2022\/12\/Aude_thumbnail-200x200.jpg 200w, https:\/\/friendsofenginakyurek.org\/wp-content\/uploads\/2022\/12\/Aude_thumbnail-547x547.jpg 547w, https:\/\/friendsofenginakyurek.org\/wp-content\/uploads\/2022\/12\/Aude_thumbnail-678x678.jpg 678w, https:\/\/friendsofenginakyurek.org\/wp-content\/uploads\/2022\/12\/Aude_thumbnail-524x524.jpg 524w, https:\/\/friendsofenginakyurek.org\/wp-content\/uploads\/2022\/12\/Aude_thumbnail-420x420.jpg 420w, https:\/\/friendsofenginakyurek.org\/wp-content\/uploads\/2022\/12\/Aude_thumbnail-444x444.jpg 444w, https:\/\/friendsofenginakyurek.org\/wp-content\/uploads\/2022\/12\/Aude_thumbnail-916x916.jpg 916w, https:\/\/friendsofenginakyurek.org\/wp-content\/uploads\/2022\/12\/Aude_thumbnail.jpg 1080w\" sizes=\"(max-width: 150px) 100vw, 150px\" \/>\t\t\t\t\t\t\t\t\t\t\t\t\t\t\t<\/div>\n\t\t\t\t<\/div>\n\t\t\t\t\t<\/div>\n\t\t<\/div>\n\t\t\t\t\t<\/div>\n\t\t<\/section>\n\t\t\t\t\t<\/div>\n\t\t<\/div>\n\t\t\t\t\t<\/div>\n\t\t<\/section>\n\t\t\t\t<section class=\"elementor-section elementor-top-section elementor-element elementor-element-29479c22 elementor-section-boxed elementor-section-height-default elementor-section-height-default\" data-id=\"29479c22\" data-element_type=\"section\" data-e-type=\"section\">\n\t\t\t\t\t\t<div class=\"elementor-container elementor-column-gap-default\">\n\t\t\t\t\t<div class=\"elementor-column elementor-col-100 elementor-top-column elementor-element elementor-element-7b6b394f\" data-id=\"7b6b394f\" data-element_type=\"column\" data-e-type=\"column\">\n\t\t\t<div class=\"elementor-widget-wrap elementor-element-populated\">\n\t\t\t\t\t\t<div class=\"elementor-element elementor-element-15495e35 elementor-widget elementor-widget-heading\" data-id=\"15495e35\" data-element_type=\"widget\" data-e-type=\"widget\" data-widget_type=\"heading.default\">\n\t\t\t\t<div class=\"elementor-widget-container\">\n\t\t\t\t\t<h2 class=\"elementor-heading-title elementor-size-default\"><a href=\"https:\/\/friendsofenginakyurek.org\/pt\/voice-of-engin\/\">RETORNAR \u00c0 VOZ DOS AMIGOS DO ENG\u0130N\u00a9<\/a><\/h2>\t\t\t\t<\/div>\n\t\t\t\t<\/div>\n\t\t\t\t\t<\/div>\n\t\t<\/div>\n\t\t\t\t\t<\/div>\n\t\t<\/section>\n\t\t\t\t<\/div>","protected":false},"excerpt":{"rendered":"<p>Voice of Engin&#8217;s Friends\u24b8 &#8220;It is perhaps childhood that comes closest to real life&#8221; ~Andr\u00e9 Breton The Magic Dust of Mont-Saint-Michel Magical Mont-Saint Michel, a childhood memory of author Aude-Marie Pape I invite you to a special tale; during this special time of year. Let\u2019s not extinguish the heart\u2019s magic and wonder of a child\u2019s &hellip; <a href=\"https:\/\/friendsofenginakyurek.org\/pt\/another-time-a-magical-place\/\" class=\"more-link\">continue lendo <span class=\"screen-reader-text\">Outro Tempo, Um Lugar M\u00e1gico<\/span><\/a><\/p>","protected":false},"author":1,"featured_media":9763,"comment_status":"open","ping_status":"open","sticky":false,"template":"elementor_header_footer","format":"standard","meta":{"_jetpack_memberships_contains_paid_content":false,"footnotes":""},"categories":[42],"tags":[],"class_list":["post-6340","post","type-post","status-publish","format-standard","has-post-thumbnail","hentry","category-grid-1"],"jetpack_featured_media_url":"https:\/\/friendsofenginakyurek.org\/wp-content\/uploads\/2022\/10\/Magic-grid-image2-scaled.jpg","jetpack_sharing_enabled":true,"_links":{"self":[{"href":"https:\/\/friendsofenginakyurek.org\/pt\/wp-json\/wp\/v2\/posts\/6340","targetHints":{"allow":["GET"]}}],"collection":[{"href":"https:\/\/friendsofenginakyurek.org\/pt\/wp-json\/wp\/v2\/posts"}],"about":[{"href":"https:\/\/friendsofenginakyurek.org\/pt\/wp-json\/wp\/v2\/types\/post"}],"author":[{"embeddable":true,"href":"https:\/\/friendsofenginakyurek.org\/pt\/wp-json\/wp\/v2\/users\/1"}],"replies":[{"embeddable":true,"href":"https:\/\/friendsofenginakyurek.org\/pt\/wp-json\/wp\/v2\/comments?post=6340"}],"version-history":[{"count":110,"href":"https:\/\/friendsofenginakyurek.org\/pt\/wp-json\/wp\/v2\/posts\/6340\/revisions"}],"predecessor-version":[{"id":9764,"href":"https:\/\/friendsofenginakyurek.org\/pt\/wp-json\/wp\/v2\/posts\/6340\/revisions\/9764"}],"wp:featuredmedia":[{"embeddable":true,"href":"https:\/\/friendsofenginakyurek.org\/pt\/wp-json\/wp\/v2\/media\/9763"}],"wp:attachment":[{"href":"https:\/\/friendsofenginakyurek.org\/pt\/wp-json\/wp\/v2\/media?parent=6340"}],"wp:term":[{"taxonomy":"category","embeddable":true,"href":"https:\/\/friendsofenginakyurek.org\/pt\/wp-json\/wp\/v2\/categories?post=6340"},{"taxonomy":"post_tag","embeddable":true,"href":"https:\/\/friendsofenginakyurek.org\/pt\/wp-json\/wp\/v2\/tags?post=6340"}],"curies":[{"name":"wp","href":"https:\/\/api.w.org\/{rel}","templated":true}]}}